{"id":2405,"date":"2023-05-17T07:38:53","date_gmt":"2023-05-17T07:38:53","guid":{"rendered":"http:\/\/www.imotz.eus\/puntuacion-contratacion-de-oficial-administrativa\/"},"modified":"2023-05-17T07:39:24","modified_gmt":"2023-05-17T07:39:24","slug":"puntuacion-contratacion-de-oficial-administrativa","status":"publish","type":"post","link":"https:\/\/www.imotz.eus\/eu\/puntuacion-contratacion-de-oficial-administrativa\/","title":{"rendered":"Puntuaci\u00f3n contrataci\u00f3n de Oficial Administrativa\u00a0"},"content":{"rendered":"\n<p>Puntuaci\u00f3n total del proceso para contrataci\u00f3n temporal de Oficial Administrativa<\/p>\n\n\n<div class=\"gb-container gb-container-504e4945\">\n\n<h2 class=\"gb-headline gb-headline-1e754f73 gb-headline-text\">Puntuaci\u00f3n total OA<\/h2>\n\n\n\n<div data-wp-interactive=\"core\/file\" class=\"wp-block-file\"><object data-wp-bind--hidden=\"!state.hasPdfPreview\" hidden class=\"wp-block-file__embed\" data=\"http:\/\/www.imotz.eus\/wp-content\/uploads\/2023\/05\/Puntuazio-osoko-zerrenda.pdf\" type=\"application\/pdf\" style=\"width:100%;height:600px\" aria-label=\"Embed of Puntuazio-osoko-zerrenda.\"><\/object><a id=\"wp-block-file--media-f0b48ac8-5592-4cfb-8991-c4a9265e01ec\" href=\"http:\/\/www.imotz.eus\/wp-content\/uploads\/2023\/05\/Puntuazio-osoko-zerrenda.pdf\">Puntuazio-osoko-zerrenda<\/a><\/div>\n\n<\/div>","protected":false},"excerpt":{"rendered":"<p>Puntuaci\u00f3n total del proceso para contrataci\u00f3n temporal de Oficial Administrativa Puntuaci\u00f3n total OA<\/p>\n","protected":false},"author":1,"featured_media":0,"comment_status":"closed","ping_status":"open","sticky":false,"template":"","format":"standard","meta":{"ngg_post_thumbnail":0,"footnotes":""},"categories":[4,11],"tags":[91,79,85,80],"class_list":["post-2405","post","type-post","status-publish","format-standard","hentry","category-berriak","category-udala","tag-administrativa-o-eu","tag-contratacion-eu","tag-empleo-eu","tag-trabajo-eu","generate-columns","tablet-grid-50","mobile-grid-100","grid-parent","grid-50"],"_links":{"self":[{"href":"https:\/\/www.imotz.eus\/eu\/wp-json\/wp\/v2\/posts\/2405","targetHints":{"allow":["GET"]}}],"collection":[{"href":"https:\/\/www.imotz.eus\/eu\/wp-json\/wp\/v2\/posts"}],"about":[{"href":"https:\/\/www.imotz.eus\/eu\/wp-json\/wp\/v2\/types\/post"}],"author":[{"embeddable":true,"href":"https:\/\/www.imotz.eus\/eu\/wp-json\/wp\/v2\/users\/1"}],"replies":[{"embeddable":true,"href":"https:\/\/www.imotz.eus\/eu\/wp-json\/wp\/v2\/comments?post=2405"}],"version-history":[{"count":2,"href":"https:\/\/www.imotz.eus\/eu\/wp-json\/wp\/v2\/posts\/2405\/revisions"}],"predecessor-version":[{"id":2407,"href":"https:\/\/www.imotz.eus\/eu\/wp-json\/wp\/v2\/posts\/2405\/revisions\/2407"}],"wp:attachment":[{"href":"https:\/\/www.imotz.eus\/eu\/wp-json\/wp\/v2\/media?parent=2405"}],"wp:term":[{"taxonomy":"category","embeddable":true,"href":"https:\/\/www.imotz.eus\/eu\/wp-json\/wp\/v2\/categories?post=2405"},{"taxonomy":"post_tag","embeddable":true,"href":"https:\/\/www.imotz.eus\/eu\/wp-json\/wp\/v2\/tags?post=2405"}],"curies":[{"name":"wp","href":"https:\/\/api.w.org\/{rel}","templated":true}]}}